{"id":71142,"date":"2023-05-19T18:42:34","date_gmt":"2023-05-19T18:42:34","guid":{"rendered":"https:\/\/notioeste.com\/?p=71142"},"modified":"2023-05-19T18:42:35","modified_gmt":"2023-05-19T18:42:35","slug":"cfk-con-pablo-duggan-no-voy-a-debilidar-al-peronismo","status":"publish","type":"post","link":"https:\/\/notioeste.com\/index.php\/2023\/05\/19\/cfk-con-pablo-duggan-no-voy-a-debilidar-al-peronismo\/","title":{"rendered":"CFK CON PABLO DUGGAN :&#8221;NO VOY A DEBILIDAR AL PERONISMO&#8221;"},"content":{"rendered":"\n<p class=\"wp-block-paragraph\"><strong>La vicepresidenta de la Naci\u00f3n, Cristina Fern\u00e1ndez de Kirchner, critic\u00f3 a los pol\u00edticos que hacen \u201cPol\u00edtica en los tribunales y los sets de televisi\u00f3n\u201d porque \u201cEs lo m\u00e1s f\u00e1cil que hay\u201d y agreg\u00f3 que los jueces de la Corte Suprema de Justicia \u201cSe van a animar a todo\u201d y \u201cVienen por el sistema democr\u00e1tico\u201d.<\/strong><\/p>\n\n\n\n<p class=\"wp-block-paragraph\">Adem\u00e1s, destac\u00f3 que \u201cLa principal dificultad que tiene la sociedad Argentina es el Fondo Monetario Internacional\u201d porque \u201cEl programa del fondo es financiero e inflacionario\u201d tras el encarecimiento de los precios alimenticios, servicios, bienes materiales e inmuebles ya que la econom\u00eda del pa\u00eds es \u201cbimonetaria\u201d, por el d\u00f3lar y el peso.<\/p>\n\n\n\n<p class=\"wp-block-paragraph\">La ex presidenta Argentina llam\u00f3 a un \u201cAcuerdo con todos los partidos pol\u00edticos por el FMI\u201d y est\u00e1 dispuesta a sentarse a debatir con cualquier persona para mejorar la condici\u00f3n econ\u00f3mica de la gente en la apuesta al \u201cdesarrollo industrial\u201d.<\/p>\n\n\n\n<p class=\"wp-block-paragraph\">Con respecto a la deuda tomada por el anterior gobierno detall\u00f3 que \u201cEn 2024 tenemos que pagar 25 mil millones de d\u00f3lares al fondo, acreedores privados, provincias\u201d y otros entes financieros en los cuales ser\u00e1 dif\u00edcil abonar la totalidad del monto.<\/p>\n\n\n\n<p class=\"wp-block-paragraph\">La ex senadora confes\u00f3 que \u201cEsto fue precedido por la violencia medi\u00e1tica simb\u00f3lica\u201d que ejercen los medios masivos de comunicaci\u00f3n con comentarios agrasivos y violentos sin ning\u00fan remordimiento al da\u00f1o que le pueden causar a los televidentes.<\/p>\n\n\n\n<p class=\"wp-block-paragraph\">Por otro lado, asegur\u00f3 que las personas que intentaron matarla iban \u201cTodas las semanas a insultarme a mi casa y pon\u00edan m\u00fasica militar\u201d.<\/p>\n\n\n\n<p class=\"wp-block-paragraph\">\u201cTodas las causas que me armaron son sobre las declaraciones juradas de toda la vida\u201d, seg\u00fan coment\u00f3 Cristina Kirchner, en la entrevista con Pablo Duggan, y afirm\u00f3 que se encuentra \u201cen libertad condicional\u201d. \u201cLa suspensi\u00f3n de las elecciones no es bueno para el sistema democr\u00e1tico\u201d en referencia a la postergaci\u00f3n de voto en las provincias de San Juan y Tucum\u00e1n, decretada por la corte d\u00edas.<\/p>\n","protected":false},"excerpt":{"rendered":"<p>La vicepresidenta de la Naci\u00f3n, Cristina Fern\u00e1ndez de Kirchner, critic\u00f3 a los pol\u00edticos que hacen \u201cPol\u00edtica en los tribunales y los sets de televisi\u00f3n\u201d porque \u201cEs lo m\u00e1s f\u00e1cil que hay\u201d y agreg\u00f3 que los jueces de la Corte Suprema de Justicia \u201cSe van a animar a todo\u201d y \u201cVienen por el sistema democr\u00e1tico\u201d. Adem\u00e1s, [&hellip;]<\/p>\n","protected":false},"author":1,"featured_media":71143,"comment_status":"open","ping_status":"open","sticky":false,"template":"","format":"standard","meta":{"tdm_status":"","tdm_grid_status":"","footnotes":""},"categories":[42],"tags":[1250,39,91,1251,723,1248,1249],"class_list":["post-71142","post","type-post","status-publish","format-standard","has-post-thumbnail","category-politica-nacional","tag-c5n","tag-cfk","tag-cristina-fernandez-de-kirchner","tag-entrevista","tag-fmi","tag-pablo-duggan","tag-proscripcion"],"_links":{"self":[{"href":"https:\/\/notioeste.com\/index.php\/wp-json\/wp\/v2\/posts\/71142","targetHints":{"allow":["GET"]}}],"collection":[{"href":"https:\/\/notioeste.com\/index.php\/wp-json\/wp\/v2\/posts"}],"about":[{"href":"https:\/\/notioeste.com\/index.php\/wp-json\/wp\/v2\/types\/post"}],"author":[{"embeddable":true,"href":"https:\/\/notioeste.com\/index.php\/wp-json\/wp\/v2\/users\/1"}],"replies":[{"embeddable":true,"href":"https:\/\/notioeste.com\/index.php\/wp-json\/wp\/v2\/comments?post=71142"}],"version-history":[{"count":1,"href":"https:\/\/notioeste.com\/index.php\/wp-json\/wp\/v2\/posts\/71142\/revisions"}],"predecessor-version":[{"id":71144,"href":"https:\/\/notioeste.com\/index.php\/wp-json\/wp\/v2\/posts\/71142\/revisions\/71144"}],"wp:featuredmedia":[{"embeddable":true,"href":"https:\/\/notioeste.com\/index.php\/wp-json\/wp\/v2\/media\/71143"}],"wp:attachment":[{"href":"https:\/\/notioeste.com\/index.php\/wp-json\/wp\/v2\/media?parent=71142"}],"wp:term":[{"taxonomy":"category","embeddable":true,"href":"https:\/\/notioeste.com\/index.php\/wp-json\/wp\/v2\/categories?post=71142"},{"taxonomy":"post_tag","embeddable":true,"href":"https:\/\/notioeste.com\/index.php\/wp-json\/wp\/v2\/tags?post=71142"}],"curies":[{"name":"wp","href":"https:\/\/api.w.org\/{rel}","templated":true}]}}