{"id":69376,"date":"2022-11-17T15:02:01","date_gmt":"2022-11-17T18:02:01","guid":{"rendered":"https:\/\/elcirculo.com.ar\/?p=69376"},"modified":"2023-12-05T13:43:31","modified_gmt":"2023-12-05T13:43:31","slug":"trabajadores-municipales-de-moreno-piden-un-bono-de-30-mil-pesos","status":"publish","type":"post","link":"https:\/\/notioeste.com\/index.php\/2022\/11\/17\/trabajadores-municipales-de-moreno-piden-un-bono-de-30-mil-pesos\/","title":{"rendered":"TRABAJADORES MUNICIPALES DE MORENO PIDEN UN BONO DE 30 MIL PESOS"},"content":{"rendered":"<p><span style=\"font-weight: 400;\">La petici\u00f3n fue entregada en la\u00a0 Mesa de Entrada de la Municipalidad por la Asociaci\u00f3n Sindical de Trabajadores Municipales de Moreno liderada por Marcelo Espindola.\u00a0<\/span><\/p>\n<p><b>\u00a0<\/b><span style=\"font-weight: 400;\">El pedido est\u00e1 fundado en que \u201cel \u00edndice inflacionario nos ha afectado\u201d y ese pago adicional \u201cgenerar\u00eda un equilibrio en la econom\u00eda de los hogares de los trabajadores municipales\u201d-<\/span><\/p>\n<p><span style=\"font-weight: 400;\">La nota est\u00e1 dirigida a la intendenta municipal Melina Mariel Fern\u00e1ndez y dice: \u201cPor medio de la presente, tenemos el agrado de dirigirnos a Usted con el fin de solicitar, un paliativo econ\u00f3mico extraordinario para los Trabajadores\/as Municipales\u201d.<\/span><\/p>\n<p><span style=\"font-weight: 400;\">\u201cSeg\u00fan nuestros c\u00e1lculos econ\u00f3micos y considerando los aumentos otorgados como en proceso, seria imperiosa poder contar con un bono por \u00fanica vez de $30.000. El motivo de lo expuesto es por considerar que el \u00edndice inflacionario nos ha afectado a todos los trabajadores del pa\u00eds, y especialmente a los Municipales sabiendo que el mismo permitir\u00eda transitar unas fiestas de manera digna y generar\u00eda un equilibrio en la econom\u00eda de los hogares de los y las Municipales\u201d, concluye.<\/span><\/p>\n<p><span style=\"font-weight: 400;\">Fue entregada el d\u00eda 14\/11\/2022 por la Mesa de Entradas del Palacio Municipal y recepcionada bajo el N\u00b0 243898. La misma est\u00e1 firmada al pie por los integrantes de la Comisi\u00f3n Directiva de la Asociaci\u00f3n Sindical.<\/span><\/p>\n<p><img loading=\"lazy\" decoding=\"async\" class=\"alignnone size-full wp-image-69378\" src=\"https:\/\/elcirculo.com.ar\/wp-content\/uploads\/2022\/11\/resize_1668702348.jpeg\" alt=\"\" width=\"1024\" height=\"1481\" srcset=\"https:\/\/notioeste.com\/wp-content\/uploads\/2022\/11\/resize_1668702348.jpeg 1024w, https:\/\/notioeste.com\/wp-content\/uploads\/2022\/11\/resize_1668702348-207x300.jpeg 207w, https:\/\/notioeste.com\/wp-content\/uploads\/2022\/11\/resize_1668702348-708x1024.jpeg 708w, https:\/\/notioeste.com\/wp-content\/uploads\/2022\/11\/resize_1668702348-768x1111.jpeg 768w, https:\/\/notioeste.com\/wp-content\/uploads\/2022\/11\/resize_1668702348-150x217.jpeg 150w, https:\/\/notioeste.com\/wp-content\/uploads\/2022\/11\/resize_1668702348-300x434.jpeg 300w, https:\/\/notioeste.com\/wp-content\/uploads\/2022\/11\/resize_1668702348-696x1007.jpeg 696w\" sizes=\"auto, (max-width: 1024px) 100vw, 1024px\" \/>    \t<\/p>\n","protected":false},"excerpt":{"rendered":"<p>La petici\u00f3n fue entregada en la\u00a0 Mesa de Entrada de la Municipalidad por la Asociaci\u00f3n Sindical de Trabajadores Municipales de Moreno liderada por Marcelo Espindola.\u00a0 \u00a0El pedido est\u00e1 fundado en que \u201cel \u00edndice inflacionario nos ha afectado\u201d y ese pago adicional \u201cgenerar\u00eda un equilibrio en la econom\u00eda de los hogares de los trabajadores municipales\u201d- La [&hellip;]<\/p>\n","protected":false},"author":1,"featured_media":69377,"comment_status":"open","ping_status":"open","sticky":false,"template":"","format":"standard","meta":{"tdm_status":"","tdm_grid_status":"","footnotes":""},"categories":[33],"tags":[304,112,421,267,422],"class_list":["post-69376","post","type-post","status-publish","format-standard","has-post-thumbnail","category-sociedad-nacional","tag-aumento","tag-bono","tag-inflacion","tag-moreno","tag-trabajadores-municipales"],"_links":{"self":[{"href":"https:\/\/notioeste.com\/index.php\/wp-json\/wp\/v2\/posts\/69376","targetHints":{"allow":["GET"]}}],"collection":[{"href":"https:\/\/notioeste.com\/index.php\/wp-json\/wp\/v2\/posts"}],"about":[{"href":"https:\/\/notioeste.com\/index.php\/wp-json\/wp\/v2\/types\/post"}],"author":[{"embeddable":true,"href":"https:\/\/notioeste.com\/index.php\/wp-json\/wp\/v2\/users\/1"}],"replies":[{"embeddable":true,"href":"https:\/\/notioeste.com\/index.php\/wp-json\/wp\/v2\/comments?post=69376"}],"version-history":[{"count":1,"href":"https:\/\/notioeste.com\/index.php\/wp-json\/wp\/v2\/posts\/69376\/revisions"}],"predecessor-version":[{"id":72509,"href":"https:\/\/notioeste.com\/index.php\/wp-json\/wp\/v2\/posts\/69376\/revisions\/72509"}],"wp:featuredmedia":[{"embeddable":true,"href":"https:\/\/notioeste.com\/index.php\/wp-json\/wp\/v2\/media\/69377"}],"wp:attachment":[{"href":"https:\/\/notioeste.com\/index.php\/wp-json\/wp\/v2\/media?parent=69376"}],"wp:term":[{"taxonomy":"category","embeddable":true,"href":"https:\/\/notioeste.com\/index.php\/wp-json\/wp\/v2\/categories?post=69376"},{"taxonomy":"post_tag","embeddable":true,"href":"https:\/\/notioeste.com\/index.php\/wp-json\/wp\/v2\/tags?post=69376"}],"curies":[{"name":"wp","href":"https:\/\/api.w.org\/{rel}","templated":true}]}}